{"id":536,"date":"2017-07-28T17:40:40","date_gmt":"2017-07-28T17:40:40","guid":{"rendered":""},"modified":"2020-11-18T14:49:01","modified_gmt":"2020-11-18T13:49:01","slug":"team-poli-representants-portrait-de-charly","status":"publish","type":"post","link":"https:\/\/www.poli.fr\/g\/team-poli-representants-portrait-de-charly\/","title":{"rendered":"Team poli repr\u00e9sentants : portrait de Charly"},"content":{"rendered":"<p>Aujourd&rsquo;hui, nous d\u00e9couvrons le <strong>portrait de Charly<\/strong>. Plus ancien commercial de l&rsquo;\u00e9quipe, Charly est un <strong>pilier de la soci\u00e9t\u00e9<\/strong>. Toujours de<strong> bonne humeur<\/strong>, il couvre le secteur <strong>Sud-Est depuis 17 ans<\/strong>.<\/p>\n<p><span style=\"text-decoration: underline;\"><strong>Vos sports de pr\u00e9dilection :<\/strong><\/span><\/p>\n<p>J&rsquo;ai pratiqu\u00e9 pendant de nombreuses ann\u00e9es le <strong>foot<\/strong> dont je suis un grand fan ainsi que le<strong> ski nautique<\/strong>. Habitant dans la cit\u00e9 phoc\u00e9enne depuis toujours, j\u2019ai un faible pour les<strong> sports aquatiques<\/strong>. Aujourd\u2019hui, je suis plut\u00f4t spectateur et je me plais \u00e0 regarder des <a href=\"\/achat\/tenue-cycliste-219.html\">courses cyclistes<\/a> ainsi que de l\u2019<a href=\"\/achat\/combinaison-aviron-264.html\">aviron<\/a>. Sans oublier le foot \u00e9videmment !<\/p>\n<p><img loading=\"lazy\" src=\"\/img\/cms\/charly.png\" alt=\"Team Poli, cyclisme, triathlon, trail\" width=\"1200\" height=\"400\" \/><\/p>\n<p><!--more--><\/p>\n<p><span style=\"text-decoration: underline;\"><strong>Vos prochains d\u00e9fis :<\/strong><\/span><\/p>\n<p><strong>R\u00e9ussir ma retraite<\/strong> ! Elle approche \u00e0 grand pas et je compte bien en profiter. C\u2019est une<strong> \u00e9tape importante<\/strong> qui arrive, la cl\u00f4ture de ma vie professionnelle, de<strong> tant d\u2019ann\u00e9es pass\u00e9es chez Poli<\/strong>. Beaucoup de nostalgie mais aussi beaucoup de bonheur. C\u2019est une nouvelle page qui va s\u2019\u00e9crire remplie de nombreuses parties de p\u00eache !<\/p>\n<p><span style=\"text-decoration: underline;\"><strong>Votre meilleur souvenir chez Poli : <\/strong><\/span><\/p>\n<p>Sans aucun doute, mes d\u00e9buts. Lorsque je suis arriv\u00e9 dans l\u2019\u00e9quipe, j\u2019ai \u00e9t\u00e9 frapp\u00e9 par <strong>l\u2019esprit de camaraderie<\/strong> qui r\u00e9gnait au sein de l\u2019entreprise. A mon commencement certaines personnes m\u2019ont beaucoup aid\u00e9 et je leur en suis encore reconnaissant aujourd\u2019hui. Cet esprit de <strong>convivialit\u00e9<\/strong> et d\u2019<strong>entraide<\/strong> est toujours d\u2019actualit\u00e9 et c\u2019est ce qui rend si agr\u00e9able le travail au sein de l\u2019\u00e9quipe. Nous sommes une grande famille !<\/p>\n<p><span style=\"text-decoration: underline;\"><strong>Votre profession dans la soci\u00e9t\u00e9 :<\/strong><\/span><\/p>\n<p>Bas\u00e9 \u00e0 Marseille, je suis commercial sur la <strong>r\u00e9gion Sud-Est depuis 17 ans<\/strong>.<\/p>\n","protected":false},"excerpt":{"rendered":"<p>Aujourd&rsquo;hui, nous d\u00e9couvrons le portrait de Charly. Plus ancien commercial de l&rsquo;\u00e9quipe, Charly est un pilier de la soci\u00e9t\u00e9. Toujours de bonne humeur, il couvre le secteur Sud-Est depuis 17 ans. Vos sports de pr\u00e9dilection : J&rsquo;ai pratiqu\u00e9 pendant de nombreuses ann\u00e9es le foot dont je suis un grand fan ainsi que le ski nautique. &hellip; <a href=\"https:\/\/www.poli.fr\/g\/team-poli-representants-portrait-de-charly\/\" class=\"more-link\">Continuer la lecture<span class=\"screen-reader-text\"> de &laquo;&nbsp;Team poli repr\u00e9sentants : portrait de Charly&nbsp;&raquo;<\/span><\/a><\/p>\n","protected":false},"author":6,"featured_media":0,"comment_status":"open","ping_status":"open","sticky":false,"template":"","format":"standard","meta":[],"categories":[2],"tags":[],"_links":{"self":[{"href":"https:\/\/www.poli.fr\/g\/wp-json\/wp\/v2\/posts\/536"}],"collection":[{"href":"https:\/\/www.poli.fr\/g\/wp-json\/wp\/v2\/posts"}],"about":[{"href":"https:\/\/www.poli.fr\/g\/wp-json\/wp\/v2\/types\/post"}],"author":[{"embeddable":true,"href":"https:\/\/www.poli.fr\/g\/wp-json\/wp\/v2\/users\/6"}],"replies":[{"embeddable":true,"href":"https:\/\/www.poli.fr\/g\/wp-json\/wp\/v2\/comments?post=536"}],"version-history":[{"count":2,"href":"https:\/\/www.poli.fr\/g\/wp-json\/wp\/v2\/posts\/536\/revisions"}],"predecessor-version":[{"id":588,"href":"https:\/\/www.poli.fr\/g\/wp-json\/wp\/v2\/posts\/536\/revisions\/588"}],"wp:attachment":[{"href":"https:\/\/www.poli.fr\/g\/wp-json\/wp\/v2\/media?parent=536"}],"wp:term":[{"taxonomy":"category","embeddable":true,"href":"https:\/\/www.poli.fr\/g\/wp-json\/wp\/v2\/categories?post=536"},{"taxonomy":"post_tag","embeddable":true,"href":"https:\/\/www.poli.fr\/g\/wp-json\/wp\/v2\/tags?post=536"}],"curies":[{"name":"wp","href":"https:\/\/api.w.org\/{rel}","templated":true}]}}